{"id":2836,"date":"2020-09-01T15:26:27","date_gmt":"2020-09-01T13:26:27","guid":{"rendered":"https:\/\/www.wuestefilm.de\/?p=2836"},"modified":"2020-12-15T17:18:22","modified_gmt":"2020-12-15T16:18:22","slug":"tv-premiere-fuer-im-abgrund-am-26-september-2020","status":"publish","type":"post","link":"https:\/\/www.wuestefilm.de\/en\/tv-premiere-fuer-im-abgrund-am-26-september-2020\/","title":{"rendered":"Broadcast-premiere of \u201cIn the Abyss\u201d on Sep. 26, 2020!"},"content":{"rendered":"<p>We are very pleased to announce the date of the first broadcast of our thriller IN THE ABYSS: Sat., 26.09.20 | 20:15 | Das Erste. A production by W\u00fcste Medien GmbH on behalf of ARD Degeto for Das Erste. Director: Stefan B\u00fchling, Screenplay by: Arndt St\u00fcwe.<\/p>\n<p>Starring Peter Kurth, Tobias Moretti, Tinka F\u00fcrst, Simon Schwarz, Florian Stetter, Jessica McIntyre, Odine Johne and many more.<\/p>\n<p>For more information click <a href=\"https:\/\/www.daserste.de\/unterhaltung\/film\/filme-im-ersten\/sendung\/im-abgrund-100.html?fbclid=IwAR2i7n3U-9in2gay64sWwN3AebJZu2_ikNpI5TvxY4Q-gRv1BVGCmLaP6SE\" target=\"_blank\" rel=\"noopener noreferrer\"><strong>here<\/strong>.<\/a><\/p>","protected":false},"excerpt":{"rendered":"<p>We are very pleased to announce the date of the first broadcast of our thriller IN THE ABYSS: Sat., 26.09.20&#8230; <a class=\"moretag\" href=\"https:\/\/www.wuestefilm.de\/en\/tv-premiere-fuer-im-abgrund-am-26-september-2020\/\">&rarr; Read more<\/a><\/p>\n","protected":false},"author":1,"featured_media":2788,"comment_status":"closed","ping_status":"closed","sticky":false,"template":"","format":"standard","meta":{"footnotes":""},"categories":[1],"tags":[],"_links":{"self":[{"href":"https:\/\/www.wuestefilm.de\/en\/wp-json\/wp\/v2\/posts\/2836"}],"collection":[{"href":"https:\/\/www.wuestefilm.de\/en\/wp-json\/wp\/v2\/posts"}],"about":[{"href":"https:\/\/www.wuestefilm.de\/en\/wp-json\/wp\/v2\/types\/post"}],"author":[{"embeddable":true,"href":"https:\/\/www.wuestefilm.de\/en\/wp-json\/wp\/v2\/users\/1"}],"replies":[{"embeddable":true,"href":"https:\/\/www.wuestefilm.de\/en\/wp-json\/wp\/v2\/comments?post=2836"}],"version-history":[{"count":9,"href":"https:\/\/www.wuestefilm.de\/en\/wp-json\/wp\/v2\/posts\/2836\/revisions"}],"predecessor-version":[{"id":2925,"href":"https:\/\/www.wuestefilm.de\/en\/wp-json\/wp\/v2\/posts\/2836\/revisions\/2925"}],"wp:featuredmedia":[{"embeddable":true,"href":"https:\/\/www.wuestefilm.de\/en\/wp-json\/wp\/v2\/media\/2788"}],"wp:attachment":[{"href":"https:\/\/www.wuestefilm.de\/en\/wp-json\/wp\/v2\/media?parent=2836"}],"wp:term":[{"taxonomy":"category","embeddable":true,"href":"https:\/\/www.wuestefilm.de\/en\/wp-json\/wp\/v2\/categories?post=2836"},{"taxonomy":"post_tag","embeddable":true,"href":"https:\/\/www.wuestefilm.de\/en\/wp-json\/wp\/v2\/tags?post=2836"}],"curies":[{"name":"wp","href":"https:\/\/api.w.org\/{rel}","templated":true}]}}